{"id":1818,"date":"2022-05-28T20:48:26","date_gmt":"2022-05-28T18:48:26","guid":{"rendered":"https:\/\/www.landfrauen-meppen.de\/dalum\/?p=1818"},"modified":"2023-08-04T22:48:49","modified_gmt":"2023-08-04T20:48:49","slug":"einladung-dalumer-landfrauen-zwei-tage-mit-dem-rad-on-tour","status":"publish","type":"post","link":"https:\/\/www.landfrauen-meppen.de\/dalum\/2022\/05\/28\/einladung-dalumer-landfrauen-zwei-tage-mit-dem-rad-on-tour\/","title":{"rendered":"Einladung \u201eDalumer Landfrauen zwei Tage mit dem Rad on Tour.\u201c"},"content":{"rendered":"<p><strong>\u201eDalumer Landfrauen zwei Tage mit dem Rad on Tour.\u201c<\/strong><\/p>\n<p>Termin: \u00a0\u00a0\u00a0\u00a0\u00a0\u00a0\u00a0\u00a0 01. bis 02. September 2022<\/p>\n<p>In diesem Jahr m\u00f6chten wir mit dem Fahrrad den H\u00fcmmling entdecken. Einfach mal durchatmen, die Ruhe genie\u00dfen und den Alltag vergessen.<\/p>\n<p>Donnerstagmorgen geht es los in Richtung H\u00fcmmling. Unsere Radtour f\u00fchrt durch gepflegte D\u00f6rfer, b\u00e4uerliche Geh\u00f6fte, vorbei an M\u00fchlen, Gro\u00dfsteingr\u00e4bern, Findlingen, Seen und anderen sch\u00f6nen Orten und Landschaften. Lasst euch einfach \u00fcberraschen.<\/p>\n<p>Am Ende des ersten Tages \u00fcbernachten und Essen wir in der Ratsklause in Lindern (Oldenburg). Ein traditionsreiches Hotel mit einzigartigem Ambiente.<\/p>\n<p>Nach einem ausgiebigen Fr\u00fchst\u00fcck am zweiten Tag geht es erneut durch die sch\u00f6ne Landschaft mit dem Rad zur\u00fcck nach Dalum.<\/p>\n<p>Kosten: Unterkunft mit Fr\u00fchst\u00fcck ca. 60 Euro (je nach Zimmer). Kosten f\u00fcr Abendessen und weitere Ausgaben kommen noch dazu.<\/p>\n<p>Ca. 60 km pro Tag wird unsere Tagesetappe sein.<\/p>\n<p>Die Teilnehmeranzahl ist begrenzt, aus diesem Grund bitten wir euch darum, sich nur telefonisch bei Margret Dall (Tel. 8469) anzumelden. Die Anmeldung ist am 31.05.2022 ab 19 Uhr m\u00f6glich. Anmeldungen, die vor 19 Uhr erfolgen, werden nicht ber\u00fccksichtigt.<\/p>\n<p>Jede Person darf nur eine weitere Person anmelden (nur f\u00fcr Mitglieder).<\/p>\n<p>Im Vorfeld wird es eine Infoveranstaltung f\u00fcr alle angemeldeten Teilnehmer geben.<\/p>\n<p>Wir freuen uns auf euch.<\/p>\n<p>Der Vorstand<\/p>\n<p>&nbsp;<\/p>\n<p>&nbsp;<\/p>\n","protected":false},"excerpt":{"rendered":"<p>\u201eDalumer Landfrauen zwei Tage mit dem Rad on Tour.\u201c Termin: \u00a0\u00a0\u00a0\u00a0\u00a0\u00a0\u00a0\u00a0 01. bis 02. September 2022 In diesem Jahr m\u00f6chten wir mit dem Fahrrad den H\u00fcmmling entdecken. Einfach mal durchatmen, <a class=\"more-link\" href=\"https:\/\/www.landfrauen-meppen.de\/dalum\/2022\/05\/28\/einladung-dalumer-landfrauen-zwei-tage-mit-dem-rad-on-tour\/\">weiterlesen&#8230;(hier klicken)<\/a><\/p>\n","protected":false},"author":3,"featured_media":1975,"comment_status":"closed","ping_status":"closed","sticky":false,"template":"","format":"standard","meta":{"footnotes":""},"categories":[1],"tags":[],"class_list":["post-1818","post","type-post","status-publish","format-standard","has-post-thumbnail","hentry","category-allgemein"],"_links":{"self":[{"href":"https:\/\/www.landfrauen-meppen.de\/dalum\/wp-json\/wp\/v2\/posts\/1818","targetHints":{"allow":["GET"]}}],"collection":[{"href":"https:\/\/www.landfrauen-meppen.de\/dalum\/wp-json\/wp\/v2\/posts"}],"about":[{"href":"https:\/\/www.landfrauen-meppen.de\/dalum\/wp-json\/wp\/v2\/types\/post"}],"author":[{"embeddable":true,"href":"https:\/\/www.landfrauen-meppen.de\/dalum\/wp-json\/wp\/v2\/users\/3"}],"replies":[{"embeddable":true,"href":"https:\/\/www.landfrauen-meppen.de\/dalum\/wp-json\/wp\/v2\/comments?post=1818"}],"version-history":[{"count":1,"href":"https:\/\/www.landfrauen-meppen.de\/dalum\/wp-json\/wp\/v2\/posts\/1818\/revisions"}],"predecessor-version":[{"id":1819,"href":"https:\/\/www.landfrauen-meppen.de\/dalum\/wp-json\/wp\/v2\/posts\/1818\/revisions\/1819"}],"wp:featuredmedia":[{"embeddable":true,"href":"https:\/\/www.landfrauen-meppen.de\/dalum\/wp-json\/wp\/v2\/media\/1975"}],"wp:attachment":[{"href":"https:\/\/www.landfrauen-meppen.de\/dalum\/wp-json\/wp\/v2\/media?parent=1818"}],"wp:term":[{"taxonomy":"category","embeddable":true,"href":"https:\/\/www.landfrauen-meppen.de\/dalum\/wp-json\/wp\/v2\/categories?post=1818"},{"taxonomy":"post_tag","embeddable":true,"href":"https:\/\/www.landfrauen-meppen.de\/dalum\/wp-json\/wp\/v2\/tags?post=1818"}],"curies":[{"name":"wp","href":"https:\/\/api.w.org\/{rel}","templated":true}]}}