{"id":1663,"date":"2021-11-01T19:43:01","date_gmt":"2021-11-01T18:43:01","guid":{"rendered":"https:\/\/www.landfrauen-meppen.de\/dalum\/?p=1663"},"modified":"2021-11-01T19:45:02","modified_gmt":"2021-11-01T18:45:02","slug":"gemeinsamer-weihnachtsmarkt-der-landfrauen-und-kfd-dalum","status":"publish","type":"post","link":"https:\/\/www.landfrauen-meppen.de\/dalum\/2021\/11\/01\/gemeinsamer-weihnachtsmarkt-der-landfrauen-und-kfd-dalum\/","title":{"rendered":"Gemeinsamer Weihnachtsmarkt der LandFrauen und kfd Dalum"},"content":{"rendered":"<p><span id=\"page3R_mcid9\" class=\"markedContent\"><span dir=\"ltr\" role=\"presentation\">Liebe LandFrauen Dalum,<\/span><\/span><span id=\"page3R_mcid10\" class=\"markedContent\"> <\/span><span id=\"page3R_mcid11\" class=\"markedContent\"><br role=\"presentation\" \/><span dir=\"ltr\" role=\"presentation\">liebe Frauen der kfd Dalum,<\/span><\/span><span id=\"page3R_mcid12\" class=\"markedContent\"> <\/span><span id=\"page3R_mcid13\" class=\"markedContent\"><br role=\"presentation\" \/><\/span><span id=\"page3R_mcid14\" class=\"markedContent\"><br role=\"presentation\" \/><span dir=\"ltr\" role=\"presentation\">zum gemeinsamen <\/span><\/span><span id=\"page3R_mcid15\" class=\"markedContent\"> <span dir=\"ltr\" role=\"presentation\">Weihnachtsmarkt der LandFrauen und kfd Dalum beim Haus <\/span><\/span><span id=\"page3R_mcid16\" class=\"markedContent\"><span dir=\"ltr\" role=\"presentation\">Emmaus laden wir Euch herzlich ein <\/span><\/span><span id=\"page3R_mcid17\" class=\"markedContent\"> <\/span><span id=\"page3R_mcid18\" class=\"markedContent\"><br role=\"presentation\" \/><\/span><span id=\"page3R_mcid20\" class=\"markedContent\"><br role=\"presentation\" \/><\/span><span id=\"page3R_mcid21\" class=\"markedContent\"><span dir=\"ltr\" role=\"presentation\">am Freitag, den 10. Dezember 2021, ab 17:00 Uhr.<\/span><\/span><span id=\"page3R_mcid22\" class=\"markedContent\"> <\/span><span id=\"page3R_mcid23\" class=\"markedContent\"><br role=\"presentation\" \/><\/span><span id=\"page3R_mcid26\" class=\"markedContent\"><br role=\"presentation\" \/><span dir=\"ltr\" role=\"presentation\">Hinter dem Ha<\/span><\/span><span id=\"page3R_mcid27\" class=\"markedContent\"><span dir=\"ltr\" role=\"presentation\">us Emmaus in Dalum er\u00f6ffnet sich der urige Weihnachtsmarkt im stimmungsvollen <\/span><\/span><span id=\"page3R_mcid28\" class=\"markedContent\"><span dir=\"ltr\" role=\"presentation\">Ambiente.<\/span><\/span><\/p>\n<p><span id=\"page3R_mcid31\" class=\"markedContent\"><br role=\"presentation\" \/><span dir=\"ltr\" role=\"presentation\">Sch\u00f6ne Dinge werden zum Kauf angeboten.<\/span><\/span><\/p>\n<p><span id=\"page3R_mcid34\" class=\"markedContent\"><span dir=\"ltr\" role=\"presentation\">Leckeres Essen sowie Getr\u00e4nke an den Buden und St\u00e4nden sorgen f\u00fcr das leibliche Wohl. <\/span><\/span><span id=\"page3R_mcid35\" class=\"markedContent\"> <\/span><span id=\"page3R_mcid36\" class=\"markedContent\"><br role=\"presentation\" \/><\/span><span id=\"page3R_mcid37\" class=\"markedContent\"><br role=\"presentation\" \/><span dir=\"ltr\" role=\"presentation\">Teilnahmegeb\u00fchr einschl. Getr\u00e4nken und<\/span><\/span><span id=\"page3R_mcid38\" class=\"markedContent\"> <\/span><span id=\"page3R_mcid39\" class=\"markedContent\"><span dir=\"ltr\" role=\"presentation\">Essensgutscheinen: 15 \u20ac.<\/span><\/span><span id=\"page3R_mcid40\" class=\"markedContent\"> <\/span><span id=\"page3R_mcid41\" class=\"markedContent\"><br role=\"presentation\" \/><\/span><span id=\"page3R_mcid42\" class=\"markedContent\"><br role=\"presentation\" \/><span dir=\"ltr\" role=\"presentation\">Begrenzte Teilnehmerzahl.<\/span><\/span><span id=\"page3R_mcid43\" class=\"markedContent\"> <\/span><span id=\"page3R_mcid44\" class=\"markedContent\"><br role=\"presentation\" \/><\/span><span id=\"page3R_mcid45\" class=\"markedContent\"><br role=\"presentation\" \/><span dir=\"ltr\" role=\"presentation\">Anmeldungen nehmen die Vertrauensfrauen entgegen. <\/span><\/span><span id=\"page3R_mcid46\" class=\"markedContent\"> <\/span><span id=\"page3R_mcid47\" class=\"markedContent\"><br role=\"presentation\" \/><\/span><span id=\"page3R_mcid48\" class=\"markedContent\"><br role=\"presentation\" \/><span dir=\"ltr\" role=\"presentation\">Bitte Impfnachweis oder aktuellen Test mitbringen.<\/span><\/span><span id=\"page3R_mcid49\" class=\"markedContent\"> <\/span><span id=\"page3R_mcid50\" class=\"markedContent\"><br role=\"presentation\" \/><\/span><span id=\"page3R_mcid51\" class=\"markedContent\"><br role=\"presentation\" \/><span dir=\"ltr\" role=\"presentation\">Wir freuen uns auf Euch.<\/span><\/span><span id=\"page3R_mcid52\" class=\"markedContent\"> <\/span><span id=\"page3R_mcid53\" class=\"markedContent\"><br role=\"presentation\" \/><\/span><span id=\"page3R_mcid54\" class=\"markedContent\"><span dir=\"ltr\" role=\"presentation\">Mit herzlichen Gr\u00fc\u00dfen<\/span><\/span><span id=\"page3R_mcid55\" class=\"markedContent\"> <\/span><span id=\"page3R_mcid56\" class=\"markedContent\"><br role=\"presentation\" \/><\/span><span id=\"page3R_mcid57\" class=\"markedContent\"><span dir=\"ltr\" role=\"presentation\">Eure<\/span><\/span><span id=\"page3R_mcid58\" class=\"markedContent\"> <\/span><span id=\"page3R_mcid59\" class=\"markedContent\"><span dir=\"ltr\" role=\"presentation\">Vorst\u00e4nde der LandFrauen und kfd Dalum<\/span><\/span><span id=\"page3R_mcid60\" class=\"markedContent\"> <\/span><\/p>\n<p>&nbsp;<\/p>\n<p><img loading=\"lazy\" decoding=\"async\" class=\"aligncenter size-full wp-image-1211\" src=\"https:\/\/www.landfrauen-meppen.de\/dalum\/wp-content\/uploads\/sites\/3\/2019\/11\/cookie-2957962_1920.jpg\" alt=\"\" width=\"1920\" height=\"1339\" \/><\/p>\n","protected":false},"excerpt":{"rendered":"<p>Liebe LandFrauen Dalum, liebe Frauen der kfd Dalum, zum gemeinsamen Weihnachtsmarkt der LandFrauen und kfd Dalum beim Haus Emmaus laden wir Euch herzlich ein am Freitag, den 10. Dezember 2021, <a class=\"more-link\" href=\"https:\/\/www.landfrauen-meppen.de\/dalum\/2021\/11\/01\/gemeinsamer-weihnachtsmarkt-der-landfrauen-und-kfd-dalum\/\">weiterlesen&#8230;(hier klicken)<\/a><\/p>\n","protected":false},"author":3,"featured_media":0,"comment_status":"closed","ping_status":"closed","sticky":false,"template":"","format":"standard","meta":{"footnotes":""},"categories":[1],"tags":[],"class_list":["post-1663","post","type-post","status-publish","format-standard","hentry","category-allgemein"],"_links":{"self":[{"href":"https:\/\/www.landfrauen-meppen.de\/dalum\/wp-json\/wp\/v2\/posts\/1663","targetHints":{"allow":["GET"]}}],"collection":[{"href":"https:\/\/www.landfrauen-meppen.de\/dalum\/wp-json\/wp\/v2\/posts"}],"about":[{"href":"https:\/\/www.landfrauen-meppen.de\/dalum\/wp-json\/wp\/v2\/types\/post"}],"author":[{"embeddable":true,"href":"https:\/\/www.landfrauen-meppen.de\/dalum\/wp-json\/wp\/v2\/users\/3"}],"replies":[{"embeddable":true,"href":"https:\/\/www.landfrauen-meppen.de\/dalum\/wp-json\/wp\/v2\/comments?post=1663"}],"version-history":[{"count":3,"href":"https:\/\/www.landfrauen-meppen.de\/dalum\/wp-json\/wp\/v2\/posts\/1663\/revisions"}],"predecessor-version":[{"id":1666,"href":"https:\/\/www.landfrauen-meppen.de\/dalum\/wp-json\/wp\/v2\/posts\/1663\/revisions\/1666"}],"wp:attachment":[{"href":"https:\/\/www.landfrauen-meppen.de\/dalum\/wp-json\/wp\/v2\/media?parent=1663"}],"wp:term":[{"taxonomy":"category","embeddable":true,"href":"https:\/\/www.landfrauen-meppen.de\/dalum\/wp-json\/wp\/v2\/categories?post=1663"},{"taxonomy":"post_tag","embeddable":true,"href":"https:\/\/www.landfrauen-meppen.de\/dalum\/wp-json\/wp\/v2\/tags?post=1663"}],"curies":[{"name":"wp","href":"https:\/\/api.w.org\/{rel}","templated":true}]}}