{"id":150,"date":"2017-04-14T14:05:18","date_gmt":"2017-04-14T12:05:18","guid":{"rendered":"http:\/\/www.landfrauen-meppen.de\/dalum\/?p=150"},"modified":"2025-02-28T01:03:10","modified_gmt":"2025-02-28T00:03:10","slug":"hereinspaziert-in-lebendige-doerfer-und-bluehende-gaerten","status":"publish","type":"post","link":"https:\/\/www.landfrauen-meppen.de\/dalum\/2017\/04\/14\/hereinspaziert-in-lebendige-doerfer-und-bluehende-gaerten\/","title":{"rendered":"Hereinspaziert in lebendige D\u00f6rfer und bl\u00fchende G\u00e4rten!"},"content":{"rendered":"<h3><span style=\"color: #000000\">Hereinspaziert in lebendige D\u00f6rfer und bl\u00fchende G\u00e4rten!<\/span><\/h3>\n<p><span style=\"color: #000000\">Am\u00a011.Juni 2017 von 11 bis 17 Uhr, findet der Aktionstag &#8222;Hereinspaziert in lebendige D\u00f6rfer und bl\u00fchende G\u00e4rten!&#8220; statt, in unserer Gemeinde werden 3\u00a0G\u00e4rten die Gartent\u00fcr f\u00fcr Besucher \u00f6ffnen.\u00a0<\/span><\/p>\n<p><span style=\"color: #000000\">In Dalum \u00f6ffnen Familie Plagge und Familie Lingers ihre G\u00e4rten.<\/span><\/p>\n<p><a href=\"https:\/\/www.landfrauen-meppen.de\/dalum\/2017\/04\/13\/offener-garten-familie-plagge\/\">Offener Garten Familie Plagge<\/a><\/p>\n<p><a href=\"https:\/\/www.landfrauen-meppen.de\/dalum\/2017\/04\/13\/offener-garten-familie-lingers\/\">Offener Garten Familie Lingers<\/a><\/p>\n<p><span style=\"color: #000000\">In Geeste \u00f6ffnet Familie Berger Ihren Garten.\u00a0<\/span><\/p>\n<p><a href=\"https:\/\/www.landfrauen-meppen.de\/geeste-osterbrock\/hereinspaziert\/offener-garten-famielie-berger\/\" target=\"_blank\" rel=\"noopener noreferrer\">Offener Garten Familie Berger<\/a><\/p>\n<p><span style=\"color: #000000\">Weitere Informationen finden Sie unter:<\/span><\/p>\n<p><a href=\"http:\/\/www.hereinspaziert.info\/index.php\" target=\"_blank\" rel=\"noopener noreferrer\">Hereinspaziert<\/a><\/p>\n<p>&nbsp;<\/p>\n","protected":false},"excerpt":{"rendered":"<p>Hereinspaziert in lebendige D\u00f6rfer und bl\u00fchende G\u00e4rten! Am\u00a011.Juni 2017 von 11 bis 17 Uhr, findet der Aktionstag &#8222;Hereinspaziert in lebendige D\u00f6rfer und bl\u00fchende G\u00e4rten!&#8220; statt, in unserer Gemeinde werden 3\u00a0G\u00e4rten <a class=\"more-link\" href=\"https:\/\/www.landfrauen-meppen.de\/dalum\/2017\/04\/14\/hereinspaziert-in-lebendige-doerfer-und-bluehende-gaerten\/\">weiterlesen&#8230;(hier klicken)<\/a><\/p>\n","protected":false},"author":3,"featured_media":0,"comment_status":"open","ping_status":"open","sticky":false,"template":"","format":"standard","meta":{"footnotes":""},"categories":[1],"tags":[],"class_list":["post-150","post","type-post","status-publish","format-standard","hentry","category-allgemein"],"_links":{"self":[{"href":"https:\/\/www.landfrauen-meppen.de\/dalum\/wp-json\/wp\/v2\/posts\/150","targetHints":{"allow":["GET"]}}],"collection":[{"href":"https:\/\/www.landfrauen-meppen.de\/dalum\/wp-json\/wp\/v2\/posts"}],"about":[{"href":"https:\/\/www.landfrauen-meppen.de\/dalum\/wp-json\/wp\/v2\/types\/post"}],"author":[{"embeddable":true,"href":"https:\/\/www.landfrauen-meppen.de\/dalum\/wp-json\/wp\/v2\/users\/3"}],"replies":[{"embeddable":true,"href":"https:\/\/www.landfrauen-meppen.de\/dalum\/wp-json\/wp\/v2\/comments?post=150"}],"version-history":[{"count":9,"href":"https:\/\/www.landfrauen-meppen.de\/dalum\/wp-json\/wp\/v2\/posts\/150\/revisions"}],"predecessor-version":[{"id":3616,"href":"https:\/\/www.landfrauen-meppen.de\/dalum\/wp-json\/wp\/v2\/posts\/150\/revisions\/3616"}],"wp:attachment":[{"href":"https:\/\/www.landfrauen-meppen.de\/dalum\/wp-json\/wp\/v2\/media?parent=150"}],"wp:term":[{"taxonomy":"category","embeddable":true,"href":"https:\/\/www.landfrauen-meppen.de\/dalum\/wp-json\/wp\/v2\/categories?post=150"},{"taxonomy":"post_tag","embeddable":true,"href":"https:\/\/www.landfrauen-meppen.de\/dalum\/wp-json\/wp\/v2\/tags?post=150"}],"curies":[{"name":"wp","href":"https:\/\/api.w.org\/{rel}","templated":true}]}}