{"id":1388,"date":"2021-06-28T12:00:40","date_gmt":"2021-06-28T10:00:40","guid":{"rendered":"https:\/\/www.landfrauen-meppen.de\/dalum\/?p=1388"},"modified":"2025-02-28T01:22:46","modified_gmt":"2025-02-28T00:22:46","slug":"einladung-fkkk","status":"publish","type":"post","link":"https:\/\/www.landfrauen-meppen.de\/dalum\/2021\/06\/28\/einladung-fkkk\/","title":{"rendered":"Einladung FKKK"},"content":{"rendered":"<h4 style=\"text-align: left\"><strong>FKKK<\/strong><br \/>\n<strong>Fahrrad- Kaffee- Kuchen- Kl\u00f6nen<\/strong><\/h4>\n<p style=\"text-align: left\">Datum: Donnerstag, den 29.07.2021<br \/>\nUhrzeit: 14:00 Uhr<br \/>\nOrt: Busbahnhof, Dalum\/ Hof Otten, \u00d6lwerkstr. 96, Dalum<\/p>\n<p style=\"text-align: left\">Wir laden euch nach einer langen Zeit mal wieder zu einem Treffen ein!<\/p>\n<p style=\"text-align: left\">Wir starten in Dalum am Busbahnhof mit dem Fahrrad, machen eine kleine Tour durch unseren Ort.<\/p>\n<p>Dann m\u00f6chten wir uns auf dem Hof Otten zu Kaffee, Kuchen und nat\u00fcrlich zum Kl\u00f6nen zusammensetzen.<\/p>\n<p style=\"text-align: left\">\u201eNicht Radfahrer\u201c treffen sich um 15:00 Uhr beim Hof Otten.<\/p>\n<p style=\"text-align: left\">Gemeinsam wollen wir dann einen sch\u00f6nen geselligen Nachmittag verbringen.<\/p>\n<p style=\"text-align: left\">Anmeldungen bis zum 22.07.2021 bei den jeweiligen Vertrauensfrauen<\/p>\n<p style=\"text-align: left\">Wir freuen uns auf euch!<\/p>\n<p style=\"text-align: left\">Der Vorstand: Margret, Gabi, Gisela, Martina, Ulla und Doris<\/p>\n<p>&nbsp;<\/p>\n<p>&nbsp;<\/p>\n","protected":false},"excerpt":{"rendered":"<p>FKKK Fahrrad- Kaffee- Kuchen- Kl\u00f6nen Datum: Donnerstag, den 29.07.2021 Uhrzeit: 14:00 Uhr Ort: Busbahnhof, Dalum\/ Hof Otten, \u00d6lwerkstr. 96, Dalum Wir laden euch nach einer langen Zeit mal wieder zu <a class=\"more-link\" href=\"https:\/\/www.landfrauen-meppen.de\/dalum\/2021\/06\/28\/einladung-fkkk\/\">weiterlesen&#8230;(hier klicken)<\/a><\/p>\n","protected":false},"author":3,"featured_media":1418,"comment_status":"closed","ping_status":"closed","sticky":false,"template":"","format":"standard","meta":{"footnotes":""},"categories":[1],"tags":[],"class_list":["post-1388","post","type-post","status-publish","format-standard","has-post-thumbnail","hentry","category-allgemein"],"_links":{"self":[{"href":"https:\/\/www.landfrauen-meppen.de\/dalum\/wp-json\/wp\/v2\/posts\/1388","targetHints":{"allow":["GET"]}}],"collection":[{"href":"https:\/\/www.landfrauen-meppen.de\/dalum\/wp-json\/wp\/v2\/posts"}],"about":[{"href":"https:\/\/www.landfrauen-meppen.de\/dalum\/wp-json\/wp\/v2\/types\/post"}],"author":[{"embeddable":true,"href":"https:\/\/www.landfrauen-meppen.de\/dalum\/wp-json\/wp\/v2\/users\/3"}],"replies":[{"embeddable":true,"href":"https:\/\/www.landfrauen-meppen.de\/dalum\/wp-json\/wp\/v2\/comments?post=1388"}],"version-history":[{"count":4,"href":"https:\/\/www.landfrauen-meppen.de\/dalum\/wp-json\/wp\/v2\/posts\/1388\/revisions"}],"predecessor-version":[{"id":3633,"href":"https:\/\/www.landfrauen-meppen.de\/dalum\/wp-json\/wp\/v2\/posts\/1388\/revisions\/3633"}],"wp:featuredmedia":[{"embeddable":true,"href":"https:\/\/www.landfrauen-meppen.de\/dalum\/wp-json\/wp\/v2\/media\/1418"}],"wp:attachment":[{"href":"https:\/\/www.landfrauen-meppen.de\/dalum\/wp-json\/wp\/v2\/media?parent=1388"}],"wp:term":[{"taxonomy":"category","embeddable":true,"href":"https:\/\/www.landfrauen-meppen.de\/dalum\/wp-json\/wp\/v2\/categories?post=1388"},{"taxonomy":"post_tag","embeddable":true,"href":"https:\/\/www.landfrauen-meppen.de\/dalum\/wp-json\/wp\/v2\/tags?post=1388"}],"curies":[{"name":"wp","href":"https:\/\/api.w.org\/{rel}","templated":true}]}}