{"id":1385,"date":"2021-05-20T12:43:50","date_gmt":"2021-05-20T10:43:50","guid":{"rendered":"https:\/\/www.landfrauen-meppen.de\/dalum\/?p=1385"},"modified":"2021-09-01T11:42:11","modified_gmt":"2021-09-01T09:42:11","slug":"coronavirus-programm-auch-2021-noch-mit-fragezeichen","status":"publish","type":"post","link":"https:\/\/www.landfrauen-meppen.de\/dalum\/2021\/05\/20\/coronavirus-programm-auch-2021-noch-mit-fragezeichen\/","title":{"rendered":"CoronaVirus &#8211; Programm, auch 2021 noch mit Fragezeichen"},"content":{"rendered":"<p><span data-offset-key=\"c6ckq-0-0\">Die aktuelle Zeit mit dem Corona-Virus bringt f\u00fcr alle von uns viele Ver\u00e4nderungen und neue Herausforderungen mit sich. Leider ist es aktuell noch nicht <\/span><span id=\"decorator-corrected-entity-id-6\" data-entity-key=\"6\" data-offset-key=\"c6ckq-1-0\"><span data-offset-key=\"c6ckq-1-0\">m\u00f6glich, Veranstaltung<\/span><\/span><span data-offset-key=\"c6ckq-2-0\"> durchzuf\u00fchren oder zu planen. Aus diesem Grund sind <\/span><span id=\"decorator-corrected-entity-id-11\" data-entity-key=\"11\" data-offset-key=\"c6ckq-3-0\"><span data-offset-key=\"c6ckq-3-0\">erst mal<\/span><\/span><span data-offset-key=\"c6ckq-4-0\"> alle geplanten Veranstaltungen abgesagt. Wir <\/span><span id=\"decorator-corrected-entity-id-15\" data-entity-key=\"15\" data-offset-key=\"c6ckq-5-0\"><span data-offset-key=\"c6ckq-5-0\">hoffen, <\/span><\/span><span id=\"decorator-corrected-entity-id-19\" data-entity-key=\"19\" data-offset-key=\"c6ckq-6-0\"><span data-offset-key=\"c6ckq-6-0\">dass<\/span><\/span><span data-offset-key=\"c6ckq-7-0\"> wir uns bald wieder sehen werden. Sobald es die Lage wieder <\/span><span id=\"decorator-corrected-entity-id-22\" data-entity-key=\"22\" data-offset-key=\"c6ckq-8-0\"><span data-offset-key=\"c6ckq-8-0\">zul\u00e4sst und<\/span><\/span><span data-offset-key=\"c6ckq-9-0\"> wir eine Veranstaltung <\/span><span id=\"decorator-corrected-entity-id-24\" data-entity-key=\"24\" data-offset-key=\"c6ckq-10-0\"><span data-offset-key=\"c6ckq-10-0\">planen, werden<\/span><\/span><span data-offset-key=\"c6ckq-11-0\"> wir euch informieren.<\/span><\/p>\n","protected":false},"excerpt":{"rendered":"<p>Die aktuelle Zeit mit dem Corona-Virus bringt f\u00fcr alle von uns viele Ver\u00e4nderungen und neue Herausforderungen mit sich. Leider ist es aktuell noch nicht m\u00f6glich, Veranstaltung durchzuf\u00fchren oder zu planen. <a class=\"more-link\" href=\"https:\/\/www.landfrauen-meppen.de\/dalum\/2021\/05\/20\/coronavirus-programm-auch-2021-noch-mit-fragezeichen\/\">weiterlesen&#8230;(hier klicken)<\/a><\/p>\n","protected":false},"author":3,"featured_media":0,"comment_status":"closed","ping_status":"closed","sticky":false,"template":"","format":"standard","meta":{"footnotes":""},"categories":[1],"tags":[],"class_list":["post-1385","post","type-post","status-publish","format-standard","hentry","category-allgemein"],"_links":{"self":[{"href":"https:\/\/www.landfrauen-meppen.de\/dalum\/wp-json\/wp\/v2\/posts\/1385","targetHints":{"allow":["GET"]}}],"collection":[{"href":"https:\/\/www.landfrauen-meppen.de\/dalum\/wp-json\/wp\/v2\/posts"}],"about":[{"href":"https:\/\/www.landfrauen-meppen.de\/dalum\/wp-json\/wp\/v2\/types\/post"}],"author":[{"embeddable":true,"href":"https:\/\/www.landfrauen-meppen.de\/dalum\/wp-json\/wp\/v2\/users\/3"}],"replies":[{"embeddable":true,"href":"https:\/\/www.landfrauen-meppen.de\/dalum\/wp-json\/wp\/v2\/comments?post=1385"}],"version-history":[{"count":1,"href":"https:\/\/www.landfrauen-meppen.de\/dalum\/wp-json\/wp\/v2\/posts\/1385\/revisions"}],"predecessor-version":[{"id":1386,"href":"https:\/\/www.landfrauen-meppen.de\/dalum\/wp-json\/wp\/v2\/posts\/1385\/revisions\/1386"}],"wp:attachment":[{"href":"https:\/\/www.landfrauen-meppen.de\/dalum\/wp-json\/wp\/v2\/media?parent=1385"}],"wp:term":[{"taxonomy":"category","embeddable":true,"href":"https:\/\/www.landfrauen-meppen.de\/dalum\/wp-json\/wp\/v2\/categories?post=1385"},{"taxonomy":"post_tag","embeddable":true,"href":"https:\/\/www.landfrauen-meppen.de\/dalum\/wp-json\/wp\/v2\/tags?post=1385"}],"curies":[{"name":"wp","href":"https:\/\/api.w.org\/{rel}","templated":true}]}}