{"id":1302,"date":"2020-08-10T16:00:44","date_gmt":"2020-08-10T14:00:44","guid":{"rendered":"https:\/\/www.landfrauen-meppen.de\/dalum\/?p=1302"},"modified":"2025-02-28T01:21:34","modified_gmt":"2025-02-28T00:21:34","slug":"die-besondere-einladung-herbststimmung-festhalten-wer-wuenscht-sich-das-nicht-mit-naturmaterialien-fertigen-wir-herbstkraenze","status":"publish","type":"post","link":"https:\/\/www.landfrauen-meppen.de\/dalum\/2020\/08\/10\/die-besondere-einladung-herbststimmung-festhalten-wer-wuenscht-sich-das-nicht-mit-naturmaterialien-fertigen-wir-herbstkraenze\/","title":{"rendered":"Einladung, Mit Naturmaterialien fertigen wir Herbstkr\u00e4nze."},"content":{"rendered":"<div class=\"\" data-block=\"true\" data-editor=\"aem6d\" data-offset-key=\"8334i-0-0\">\n<div class=\"_1mf _1mj\" data-offset-key=\"8334i-0-0\"><span data-offset-key=\"8334i-0-0\">Die besondere Herbststimmung festhalten-, wer w\u00fcnscht sich das nicht?<\/span><\/div>\n<\/div>\n<div class=\"\" data-block=\"true\" data-editor=\"aem6d\" data-offset-key=\"48n1f-0-0\">\n<div class=\"_1mf _1mj\" data-offset-key=\"48n1f-0-0\"><span data-offset-key=\"48n1f-0-0\">Mit Naturmaterialien fertigen wir Herbstkr\u00e4nze.<\/span><\/div>\n<\/div>\n<div class=\"\" data-block=\"true\" data-editor=\"aem6d\" data-offset-key=\"8casb-0-0\">\n<div class=\"_1mf _1mj\" data-offset-key=\"8casb-0-0\"><span data-offset-key=\"8casb-0-0\">\u00a0<\/span><\/div>\n<\/div>\n<div class=\"\" data-block=\"true\" data-editor=\"aem6d\" data-offset-key=\"dlt83-0-0\">\n<div class=\"_1mf _1mj\" data-offset-key=\"dlt83-0-0\"><span data-offset-key=\"dlt83-0-0\">Datum : Dienstag 15.09. 20 oder Mittwoch16.09.20 <\/span><\/div>\n<\/div>\n<div class=\"\" data-block=\"true\" data-editor=\"aem6d\" data-offset-key=\"cohpl-0-0\">\n<div class=\"_1mf _1mj\" data-offset-key=\"cohpl-0-0\"><span data-offset-key=\"cohpl-0-0\">Uhrzeit: 17:00 Uhr<\/span><\/div>\n<\/div>\n<div class=\"\" data-block=\"true\" data-editor=\"aem6d\" data-offset-key=\"ajcs-0-0\">\n<div class=\"_1mf _1mj\" data-offset-key=\"ajcs-0-0\"><span data-offset-key=\"ajcs-0-0\">Ort: Familie Dall, Rull 4, Dalum<\/span><\/div>\n<\/div>\n<div class=\"\" data-block=\"true\" data-editor=\"aem6d\" data-offset-key=\"m999-0-0\">\n<div class=\"_1mf _1mj\" data-offset-key=\"m999-0-0\"><span data-offset-key=\"m999-0-0\"> offene Garage, bzw. im Freien<\/span><\/div>\n<\/div>\n<div class=\"\" data-block=\"true\" data-editor=\"aem6d\" data-offset-key=\"3ig87-0-0\">\n<div class=\"_1mf _1mj\" data-offset-key=\"3ig87-0-0\"><span data-offset-key=\"3ig87-0-0\">\u00a0<\/span><\/div>\n<\/div>\n<div class=\"\" data-block=\"true\" data-editor=\"aem6d\" data-offset-key=\"4o3ri-0-0\">\n<div class=\"_1mf _1mj\" data-offset-key=\"4o3ri-0-0\"><span data-offset-key=\"4o3ri-0-0\">Die Naturmaterialien, muss jeder selber mitbringen, diese k\u00f6nnten zum Beispiel sein: <\/span><\/div>\n<\/div>\n<div class=\"\" data-block=\"true\" data-editor=\"aem6d\" data-offset-key=\"f848j-0-0\">\n<div class=\"_1mf _1mj\" data-offset-key=\"f848j-0-0\"><span data-offset-key=\"f848j-0-0\">Hortensienbl\u00fcten, bunte Bl\u00e4tter (Eichenlaub, Ahorn, usw.), Fruchtst\u00e4nde, Rinde, \u00c4ste, Ranken, Hagebutten, Lampions, Zier\u00e4pfel, Heide, Fette Henne, Kastanien, Bucheckern usw. <\/span><\/div>\n<\/div>\n<div class=\"\" data-block=\"true\" data-editor=\"aem6d\" data-offset-key=\"c8920-0-0\">\n<div class=\"_1mf _1mj\" data-offset-key=\"c8920-0-0\"><span data-offset-key=\"c8920-0-0\">\u00a0<\/span><\/div>\n<\/div>\n<div class=\"\" data-block=\"true\" data-editor=\"aem6d\" data-offset-key=\"chq4q-0-0\">\n<div class=\"_1mf _1mj\" data-offset-key=\"chq4q-0-0\"><span data-offset-key=\"chq4q-0-0\">Bitte bringt eine Menge an Materialien mit, damit euer Kranz sch\u00f6n \u00fcppig wird.<\/span><\/div>\n<\/div>\n<div class=\"\" data-block=\"true\" data-editor=\"aem6d\" data-offset-key=\"anap7-0-0\">\n<div class=\"_1mf _1mj\" data-offset-key=\"anap7-0-0\"><span data-offset-key=\"anap7-0-0\">\u00a0<\/span><\/div>\n<\/div>\n<div class=\"\" data-block=\"true\" data-editor=\"aem6d\" data-offset-key=\"39flo-0-0\">\n<div class=\"_1mf _1mj\" data-offset-key=\"39flo-0-0\"><span data-offset-key=\"39flo-0-0\">Zus\u00e4tzlich sollte jeder eine Gartenschere und eventuell Handschuhe mitbringen. <\/span><\/div>\n<\/div>\n<div class=\"\" data-block=\"true\" data-editor=\"aem6d\" data-offset-key=\"c84dm-0-0\">\n<div class=\"_1mf _1mj\" data-offset-key=\"c84dm-0-0\"><span data-offset-key=\"c84dm-0-0\">\u00a0<\/span><\/div>\n<\/div>\n<div class=\"\" data-block=\"true\" data-editor=\"aem6d\" data-offset-key=\"469vl-0-0\">\n<div class=\"_1mf _1mj\" data-offset-key=\"469vl-0-0\"><span data-offset-key=\"469vl-0-0\">Es fallen Kosten f\u00fcr Materialien, wie z.B. Strohr\u00f6mer (darf auch mitgebracht werden),Bindedraht, Drahtnadeln, Dekost\u00e4be usw. an. <\/span><\/div>\n<\/div>\n<div class=\"\" data-block=\"true\" data-editor=\"aem6d\" data-offset-key=\"5te0e-0-0\">\n<div class=\"_1mf _1mj\" data-offset-key=\"5te0e-0-0\"><span data-offset-key=\"5te0e-0-0\">\u00a0<\/span><\/div>\n<\/div>\n<div class=\"\" data-block=\"true\" data-editor=\"aem6d\" data-offset-key=\"sst2-0-0\">\n<div class=\"_1mf _1mj\" data-offset-key=\"sst2-0-0\"><span data-offset-key=\"sst2-0-0\">Au\u00dferdem wird es einen kleinen Imbiss und Getr\u00e4nke geben, f\u00fcr die ebenfalls ein kleiner Betrag f\u00e4llig wird.<\/span><\/div>\n<\/div>\n<div class=\"\" data-block=\"true\" data-editor=\"aem6d\" data-offset-key=\"977rm-0-0\">\n<div class=\"_1mf _1mj\" data-offset-key=\"977rm-0-0\"><span data-offset-key=\"977rm-0-0\">\u00a0<\/span><\/div>\n<\/div>\n<div class=\"\" data-block=\"true\" data-editor=\"aem6d\" data-offset-key=\"9cl1b-0-0\">\n<div class=\"_1mf _1mj\" data-offset-key=\"9cl1b-0-0\"><span data-offset-key=\"9cl1b-0-0\">F\u00fcr diese Veranstaltung ist vorgesehen, dass zwei Gruppen gebildet werden. Eine Gruppe trifft sich am 15.09.2020, die andere Gruppe am 16.09.2020. Bitte gebt bei der Anmeldung an, wann ihr kommen wollt.<\/span><\/div>\n<\/div>\n<div class=\"\" data-block=\"true\" data-editor=\"aem6d\" data-offset-key=\"crfv6-0-0\">\n<div class=\"_1mf _1mj\" data-offset-key=\"crfv6-0-0\"><span data-offset-key=\"crfv6-0-0\">\u00a0<\/span><\/div>\n<\/div>\n<div class=\"\" data-block=\"true\" data-editor=\"aem6d\" data-offset-key=\"8n8si-0-0\">\n<div class=\"_1mf _1mj\" data-offset-key=\"8n8si-0-0\"><span data-offset-key=\"8n8si-0-0\">Anmeldeschluss ist der 07.09.2020 bei den Vertrauensfrauen.<\/span><\/div>\n<\/div>\n<div class=\"\" data-block=\"true\" data-editor=\"aem6d\" data-offset-key=\"fuuab-0-0\">\n<div class=\"_1mf _1mj\" data-offset-key=\"fuuab-0-0\"><\/div>\n<\/div>\n<div class=\"\" data-block=\"true\" data-editor=\"aem6d\" data-offset-key=\"7688q-0-0\">\n<div class=\"_1mf _1mj\" data-offset-key=\"7688q-0-0\"><span data-offset-key=\"7688q-0-0\">Auf einen kreativen Abend mit euch freut sich das Vorstandsteam des LVF Dalum.<\/span><\/div>\n<\/div>\n<div class=\"\" data-block=\"true\" data-editor=\"aem6d\" data-offset-key=\"89ce4-0-0\">\n<div class=\"_1mf _1mj\" data-offset-key=\"89ce4-0-0\"><span data-offset-key=\"89ce4-0-0\">\u00a0<\/span><\/div>\n<\/div>\n<div class=\"\" data-block=\"true\" data-editor=\"aem6d\" data-offset-key=\"1j1o9-0-0\"><\/div>\n","protected":false},"excerpt":{"rendered":"<p>Die besondere Herbststimmung festhalten-, wer w\u00fcnscht sich das nicht? Mit Naturmaterialien fertigen wir Herbstkr\u00e4nze. \u00a0 Datum : Dienstag 15.09. 20 oder Mittwoch16.09.20 Uhrzeit: 17:00 Uhr Ort: Familie Dall, Rull 4, <a class=\"more-link\" href=\"https:\/\/www.landfrauen-meppen.de\/dalum\/2020\/08\/10\/die-besondere-einladung-herbststimmung-festhalten-wer-wuenscht-sich-das-nicht-mit-naturmaterialien-fertigen-wir-herbstkraenze\/\">weiterlesen&#8230;(hier klicken)<\/a><\/p>\n","protected":false},"author":3,"featured_media":0,"comment_status":"closed","ping_status":"closed","sticky":false,"template":"","format":"standard","meta":{"footnotes":""},"categories":[1],"tags":[],"class_list":["post-1302","post","type-post","status-publish","format-standard","hentry","category-allgemein"],"_links":{"self":[{"href":"https:\/\/www.landfrauen-meppen.de\/dalum\/wp-json\/wp\/v2\/posts\/1302","targetHints":{"allow":["GET"]}}],"collection":[{"href":"https:\/\/www.landfrauen-meppen.de\/dalum\/wp-json\/wp\/v2\/posts"}],"about":[{"href":"https:\/\/www.landfrauen-meppen.de\/dalum\/wp-json\/wp\/v2\/types\/post"}],"author":[{"embeddable":true,"href":"https:\/\/www.landfrauen-meppen.de\/dalum\/wp-json\/wp\/v2\/users\/3"}],"replies":[{"embeddable":true,"href":"https:\/\/www.landfrauen-meppen.de\/dalum\/wp-json\/wp\/v2\/comments?post=1302"}],"version-history":[{"count":4,"href":"https:\/\/www.landfrauen-meppen.de\/dalum\/wp-json\/wp\/v2\/posts\/1302\/revisions"}],"predecessor-version":[{"id":3632,"href":"https:\/\/www.landfrauen-meppen.de\/dalum\/wp-json\/wp\/v2\/posts\/1302\/revisions\/3632"}],"wp:attachment":[{"href":"https:\/\/www.landfrauen-meppen.de\/dalum\/wp-json\/wp\/v2\/media?parent=1302"}],"wp:term":[{"taxonomy":"category","embeddable":true,"href":"https:\/\/www.landfrauen-meppen.de\/dalum\/wp-json\/wp\/v2\/categories?post=1302"},{"taxonomy":"post_tag","embeddable":true,"href":"https:\/\/www.landfrauen-meppen.de\/dalum\/wp-json\/wp\/v2\/tags?post=1302"}],"curies":[{"name":"wp","href":"https:\/\/api.w.org\/{rel}","templated":true}]}}