{"id":1293,"date":"2020-08-05T15:49:35","date_gmt":"2020-08-05T13:49:35","guid":{"rendered":"https:\/\/www.landfrauen-meppen.de\/dalum\/?p=1293"},"modified":"2020-08-05T16:00:16","modified_gmt":"2020-08-05T14:00:16","slug":"programm-2020-2021","status":"publish","type":"post","link":"https:\/\/www.landfrauen-meppen.de\/dalum\/2020\/08\/05\/programm-2020-2021\/","title":{"rendered":"Programm 2020\/ 2021"},"content":{"rendered":"<p><strong>LandFrauenverein Dalum<\/strong><\/p>\n<p>(Sollte sich die Corona- Pandemie versch\u00e4rfen, behalten wir uns vor, die Termine abzusagen.)<\/p>\n<p><strong>Mit Naturmaterialien fertigen wir Herbstkr\u00e4nze<\/strong><br \/>\nDienstag 15.09.2020 und Mittwoch 16.09.2020 17:00 Uhr,<\/p>\n<p><strong>Generalversammlung<\/strong><br \/>\nDienstag 13.10.2020 19:00 Uhr, Saal Lammers<br \/>\nAn diesem Abend halten wir unsere Generalversammlung.<br \/>\nIm Anschluss spricht Tobias Wilke \u00fcber \u201eFr\u00fcherkennungen vom Schlaganfall!\u201c<\/p>\n<p><strong>\u201eEinstimmung auf den Advent\u201c<\/strong><br \/>\nFreitag, den 20.11.2020 15:00 Uhr im Haus Emmaus<br \/>\nAn diesem Nachmittag m\u00f6chten wir euch mit Weihnachtsgeschichten und anderem erfreuen. Es gibt Kaffee, Kuchen und Weggen.<\/p>\n<p><strong>Wir Kochen! \u201eOne Pott\u201c Gerichte<\/strong><br \/>\nDonnerstag, den 07.01.2021 19:00 K\u00fcche Geschwister Scholl Schule<br \/>\nEndlich wieder! Ab in die K\u00fcche! Wir m\u00f6chten mit euch \u201eOne-Pott-Meals\u201c, leckere Zutaten aus einem Topf, kochen.<\/p>\n<p><strong>Gemeinschaftsveranstaltung<\/strong><br \/>\nDienstag, den 02.02.2021 19:30 Uhr Saal Aepken<br \/>\n\u201eVerr\u00fcckt nach Mehr\u201c Kiona Ihmels erz\u00e4hlt Geschichten von Bord der Serie \u201eVerr\u00fcckt<br \/>\nnach Meer\u201c Maritime &amp; humorvolle Unterhaltung mit \u201eSehgang\u201c.<\/p>\n<p><strong>Chicor\u00e9e &#8211; vom Anbau bis zur Verkostung<\/strong><br \/>\n24.M\u00e4rz 2021 14:00 Uhr Busbahnhof<br \/>\nWir schauen uns auf dem Hof der Familie Kl\u00fcnemann in Gro\u00df Hesepe den Anbau<br \/>\nvon Chicor\u00e9e an. Anschlie\u00dfend verkosten wir diesen in der Gastst\u00e4tte Aepken.<\/p>\n<p><strong>Naturerlebnis- Lehrpfad Wachendorf<\/strong><br \/>\n27.Mai 2021 15:00 Uhr<br \/>\n\u201eLebensr\u00e4ume auf Sand\u201c. Trocken, aber keinesfalls langweilig. Anschlie\u00dfend werden<br \/>\nwir im \u201eKanuhof zur Ems\u201c ein Grill Buffet einnehmen.<\/p>\n<p>Am 13.06.2021 soll der \u201eTag des offenen Hofes\u201c stattfinden, ebenfalls ist<br \/>\nangedacht am selben Tag \u201eHereinspaziert\u201c stattfinden zu lassen. Daf\u00fcr werden<br \/>\nnoch Familien gesucht, die ihre G\u00e4rten \u00f6ffnen m\u00f6chten. Solltet Ihr Interesse haben,<br \/>\nmeldet Euch doch bitte bei uns.<\/p>\n<p>Wir laden alle Mitglieder zu den Veranstaltungen ein. Auch interessierte Frauen sind herzlich willkommen.<\/p>\n<p>Der Vorstand<\/p>\n","protected":false},"excerpt":{"rendered":"<p>LandFrauenverein Dalum (Sollte sich die Corona- Pandemie versch\u00e4rfen, behalten wir uns vor, die Termine abzusagen.) Mit Naturmaterialien fertigen wir Herbstkr\u00e4nze Dienstag 15.09.2020 und Mittwoch 16.09.2020 17:00 Uhr, Generalversammlung Dienstag 13.10.2020 <a class=\"more-link\" href=\"https:\/\/www.landfrauen-meppen.de\/dalum\/2020\/08\/05\/programm-2020-2021\/\">weiterlesen&#8230;(hier klicken)<\/a><\/p>\n","protected":false},"author":3,"featured_media":0,"comment_status":"closed","ping_status":"closed","sticky":false,"template":"","format":"standard","meta":{"footnotes":""},"categories":[1],"tags":[],"class_list":["post-1293","post","type-post","status-publish","format-standard","hentry","category-allgemein"],"_links":{"self":[{"href":"https:\/\/www.landfrauen-meppen.de\/dalum\/wp-json\/wp\/v2\/posts\/1293","targetHints":{"allow":["GET"]}}],"collection":[{"href":"https:\/\/www.landfrauen-meppen.de\/dalum\/wp-json\/wp\/v2\/posts"}],"about":[{"href":"https:\/\/www.landfrauen-meppen.de\/dalum\/wp-json\/wp\/v2\/types\/post"}],"author":[{"embeddable":true,"href":"https:\/\/www.landfrauen-meppen.de\/dalum\/wp-json\/wp\/v2\/users\/3"}],"replies":[{"embeddable":true,"href":"https:\/\/www.landfrauen-meppen.de\/dalum\/wp-json\/wp\/v2\/comments?post=1293"}],"version-history":[{"count":2,"href":"https:\/\/www.landfrauen-meppen.de\/dalum\/wp-json\/wp\/v2\/posts\/1293\/revisions"}],"predecessor-version":[{"id":1301,"href":"https:\/\/www.landfrauen-meppen.de\/dalum\/wp-json\/wp\/v2\/posts\/1293\/revisions\/1301"}],"wp:attachment":[{"href":"https:\/\/www.landfrauen-meppen.de\/dalum\/wp-json\/wp\/v2\/media?parent=1293"}],"wp:term":[{"taxonomy":"category","embeddable":true,"href":"https:\/\/www.landfrauen-meppen.de\/dalum\/wp-json\/wp\/v2\/categories?post=1293"},{"taxonomy":"post_tag","embeddable":true,"href":"https:\/\/www.landfrauen-meppen.de\/dalum\/wp-json\/wp\/v2\/tags?post=1293"}],"curies":[{"name":"wp","href":"https:\/\/api.w.org\/{rel}","templated":true}]}}