{"id":1261,"date":"2020-01-23T20:02:15","date_gmt":"2020-01-23T19:02:15","guid":{"rendered":"https:\/\/www.landfrauen-meppen.de\/dalum\/?p=1261"},"modified":"2021-09-01T11:23:56","modified_gmt":"2021-09-01T09:23:56","slug":"neujahrskaffee","status":"publish","type":"post","link":"https:\/\/www.landfrauen-meppen.de\/dalum\/2020\/01\/23\/neujahrskaffee\/","title":{"rendered":"Neujahrskaffee"},"content":{"rendered":"<p>Das neue Jahr haben wir mit einem gem\u00fctlichen -Neujahrskaffee begonnen.<\/p>\n<p>Die angek\u00fcndigte \u00dcberraschung ist bei den 68 Landfrauen sehr gut angekommen. Es gab eine kleine Vorf\u00fchrung \u00fcber Wachst\u00fccher,deren Verwendung und Herstellung wurde gezeigt. Im Anschluss durfte jede ein Wachstuch mit nach Hause nehmen.<\/p>\n<p>Es blieb\u00a0aber noch gen\u00fcgend Zeit zum Kl\u00f6nen bei Kaffee, Kuchen und selbstgebackendem Brot.<\/p>\n<p>&nbsp;<\/p>\n<p><img loading=\"lazy\" decoding=\"async\" class=\"aligncenter size-full wp-image-1262\" src=\"https:\/\/www.landfrauen-meppen.de\/dalum\/wp-content\/uploads\/sites\/3\/2020\/01\/IMG_20200117_140648.jpg\" alt=\"\" width=\"3120\" height=\"4160\" srcset=\"https:\/\/www.landfrauen-meppen.de\/dalum\/wp-content\/uploads\/sites\/3\/2020\/01\/IMG_20200117_140648.jpg 3120w, https:\/\/www.landfrauen-meppen.de\/dalum\/wp-content\/uploads\/sites\/3\/2020\/01\/IMG_20200117_140648-225x300.jpg 225w, https:\/\/www.landfrauen-meppen.de\/dalum\/wp-content\/uploads\/sites\/3\/2020\/01\/IMG_20200117_140648-768x1024.jpg 768w, https:\/\/www.landfrauen-meppen.de\/dalum\/wp-content\/uploads\/sites\/3\/2020\/01\/IMG_20200117_140648-113x150.jpg 113w\" sizes=\"auto, (max-width: 3120px) 100vw, 3120px\" \/> <img loading=\"lazy\" decoding=\"async\" class=\"aligncenter size-full wp-image-1263\" src=\"https:\/\/www.landfrauen-meppen.de\/dalum\/wp-content\/uploads\/sites\/3\/2020\/01\/IMG_20200117_140708.jpg\" alt=\"\" width=\"3120\" height=\"4160\" srcset=\"https:\/\/www.landfrauen-meppen.de\/dalum\/wp-content\/uploads\/sites\/3\/2020\/01\/IMG_20200117_140708.jpg 3120w, https:\/\/www.landfrauen-meppen.de\/dalum\/wp-content\/uploads\/sites\/3\/2020\/01\/IMG_20200117_140708-225x300.jpg 225w, https:\/\/www.landfrauen-meppen.de\/dalum\/wp-content\/uploads\/sites\/3\/2020\/01\/IMG_20200117_140708-768x1024.jpg 768w, https:\/\/www.landfrauen-meppen.de\/dalum\/wp-content\/uploads\/sites\/3\/2020\/01\/IMG_20200117_140708-113x150.jpg 113w\" sizes=\"auto, (max-width: 3120px) 100vw, 3120px\" \/> <img loading=\"lazy\" decoding=\"async\" class=\"aligncenter size-full wp-image-1264\" src=\"https:\/\/www.landfrauen-meppen.de\/dalum\/wp-content\/uploads\/sites\/3\/2020\/01\/IMG_20200117_143043.jpg\" alt=\"\" width=\"3120\" height=\"4160\" srcset=\"https:\/\/www.landfrauen-meppen.de\/dalum\/wp-content\/uploads\/sites\/3\/2020\/01\/IMG_20200117_143043.jpg 3120w, https:\/\/www.landfrauen-meppen.de\/dalum\/wp-content\/uploads\/sites\/3\/2020\/01\/IMG_20200117_143043-225x300.jpg 225w, https:\/\/www.landfrauen-meppen.de\/dalum\/wp-content\/uploads\/sites\/3\/2020\/01\/IMG_20200117_143043-768x1024.jpg 768w, https:\/\/www.landfrauen-meppen.de\/dalum\/wp-content\/uploads\/sites\/3\/2020\/01\/IMG_20200117_143043-113x150.jpg 113w\" sizes=\"auto, (max-width: 3120px) 100vw, 3120px\" \/> <img loading=\"lazy\" decoding=\"async\" class=\"aligncenter size-full wp-image-1265\" src=\"https:\/\/www.landfrauen-meppen.de\/dalum\/wp-content\/uploads\/sites\/3\/2020\/01\/IMG_20200117_143205.jpg\" alt=\"\" width=\"3120\" height=\"4160\" srcset=\"https:\/\/www.landfrauen-meppen.de\/dalum\/wp-content\/uploads\/sites\/3\/2020\/01\/IMG_20200117_143205.jpg 3120w, https:\/\/www.landfrauen-meppen.de\/dalum\/wp-content\/uploads\/sites\/3\/2020\/01\/IMG_20200117_143205-225x300.jpg 225w, https:\/\/www.landfrauen-meppen.de\/dalum\/wp-content\/uploads\/sites\/3\/2020\/01\/IMG_20200117_143205-768x1024.jpg 768w, https:\/\/www.landfrauen-meppen.de\/dalum\/wp-content\/uploads\/sites\/3\/2020\/01\/IMG_20200117_143205-113x150.jpg 113w\" sizes=\"auto, (max-width: 3120px) 100vw, 3120px\" \/> <img loading=\"lazy\" decoding=\"async\" class=\"aligncenter size-full wp-image-1266\" src=\"https:\/\/www.landfrauen-meppen.de\/dalum\/wp-content\/uploads\/sites\/3\/2020\/01\/IMG_20200117_143223.jpg\" alt=\"\" width=\"3120\" height=\"4160\" srcset=\"https:\/\/www.landfrauen-meppen.de\/dalum\/wp-content\/uploads\/sites\/3\/2020\/01\/IMG_20200117_143223.jpg 3120w, https:\/\/www.landfrauen-meppen.de\/dalum\/wp-content\/uploads\/sites\/3\/2020\/01\/IMG_20200117_143223-225x300.jpg 225w, https:\/\/www.landfrauen-meppen.de\/dalum\/wp-content\/uploads\/sites\/3\/2020\/01\/IMG_20200117_143223-768x1024.jpg 768w, https:\/\/www.landfrauen-meppen.de\/dalum\/wp-content\/uploads\/sites\/3\/2020\/01\/IMG_20200117_143223-113x150.jpg 113w\" sizes=\"auto, (max-width: 3120px) 100vw, 3120px\" \/><\/p>\n","protected":false},"excerpt":{"rendered":"<p>Das neue Jahr haben wir mit einem gem\u00fctlichen -Neujahrskaffee begonnen. Die angek\u00fcndigte \u00dcberraschung ist bei den 68 Landfrauen sehr gut angekommen. Es gab eine kleine Vorf\u00fchrung \u00fcber Wachst\u00fccher,deren Verwendung und <a class=\"more-link\" href=\"https:\/\/www.landfrauen-meppen.de\/dalum\/2020\/01\/23\/neujahrskaffee\/\">weiterlesen&#8230;(hier klicken)<\/a><\/p>\n","protected":false},"author":3,"featured_media":1262,"comment_status":"closed","ping_status":"closed","sticky":false,"template":"","format":"standard","meta":{"footnotes":""},"categories":[1,3],"tags":[],"class_list":["post-1261","post","type-post","status-publish","format-standard","has-post-thumbnail","hentry","category-allgemein","category-bilder"],"_links":{"self":[{"href":"https:\/\/www.landfrauen-meppen.de\/dalum\/wp-json\/wp\/v2\/posts\/1261","targetHints":{"allow":["GET"]}}],"collection":[{"href":"https:\/\/www.landfrauen-meppen.de\/dalum\/wp-json\/wp\/v2\/posts"}],"about":[{"href":"https:\/\/www.landfrauen-meppen.de\/dalum\/wp-json\/wp\/v2\/types\/post"}],"author":[{"embeddable":true,"href":"https:\/\/www.landfrauen-meppen.de\/dalum\/wp-json\/wp\/v2\/users\/3"}],"replies":[{"embeddable":true,"href":"https:\/\/www.landfrauen-meppen.de\/dalum\/wp-json\/wp\/v2\/comments?post=1261"}],"version-history":[{"count":1,"href":"https:\/\/www.landfrauen-meppen.de\/dalum\/wp-json\/wp\/v2\/posts\/1261\/revisions"}],"predecessor-version":[{"id":1267,"href":"https:\/\/www.landfrauen-meppen.de\/dalum\/wp-json\/wp\/v2\/posts\/1261\/revisions\/1267"}],"wp:featuredmedia":[{"embeddable":true,"href":"https:\/\/www.landfrauen-meppen.de\/dalum\/wp-json\/wp\/v2\/media\/1262"}],"wp:attachment":[{"href":"https:\/\/www.landfrauen-meppen.de\/dalum\/wp-json\/wp\/v2\/media?parent=1261"}],"wp:term":[{"taxonomy":"category","embeddable":true,"href":"https:\/\/www.landfrauen-meppen.de\/dalum\/wp-json\/wp\/v2\/categories?post=1261"},{"taxonomy":"post_tag","embeddable":true,"href":"https:\/\/www.landfrauen-meppen.de\/dalum\/wp-json\/wp\/v2\/tags?post=1261"}],"curies":[{"name":"wp","href":"https:\/\/api.w.org\/{rel}","templated":true}]}}