{"id":1252,"date":"2019-12-10T14:23:20","date_gmt":"2019-12-10T13:23:20","guid":{"rendered":"https:\/\/www.landfrauen-meppen.de\/dalum\/?p=1252"},"modified":"2020-02-19T15:04:54","modified_gmt":"2020-02-19T14:04:54","slug":"ankuendigung-karten-fuer-den-kreis-landfrauen-nachmittag-sind-ab-sofort-erhaeltlich","status":"publish","type":"post","link":"https:\/\/www.landfrauen-meppen.de\/dalum\/2019\/12\/10\/ankuendigung-karten-fuer-den-kreis-landfrauen-nachmittag-sind-ab-sofort-erhaeltlich\/","title":{"rendered":"Ank\u00fcndigung: Karten f\u00fcr den Kreis Landfrauen Nachmittag sind ab sofort erh\u00e4ltlich"},"content":{"rendered":"<p>Die Eintrittskarten f\u00fcr den Kreislandfrauennachmittag sind bei Gabi Habeck erh\u00e4ltlich. Dieser findet<br \/>\nam 05.03.2020 um 14:30 Uhr (Einlass: ab 13:00 Uhr) im Emslandsaal Kamp, Meppen statt. Herr<br \/>\nJ\u00fcrgen Petersen wird einen Vortrag zum Thema\u201c Wo liegt denn schon wieder meine Brille? Eine<br \/>\nBetriebsanleitung f\u00fcr unsere Gehirn!\u201c halten.<br \/>\nVerkauf von handgefertigten, au\u00dfergew\u00f6hnlichen Produkten \u2013 made by Landfrauen.<br \/>\nKosten: 15,00 \u20ac<\/p>\n","protected":false},"excerpt":{"rendered":"<p>Die Eintrittskarten f\u00fcr den Kreislandfrauennachmittag sind bei Gabi Habeck erh\u00e4ltlich. Dieser findet am 05.03.2020 um 14:30 Uhr (Einlass: ab 13:00 Uhr) im Emslandsaal Kamp, Meppen statt. Herr J\u00fcrgen Petersen wird <a class=\"more-link\" href=\"https:\/\/www.landfrauen-meppen.de\/dalum\/2019\/12\/10\/ankuendigung-karten-fuer-den-kreis-landfrauen-nachmittag-sind-ab-sofort-erhaeltlich\/\">weiterlesen&#8230;(hier klicken)<\/a><\/p>\n","protected":false},"author":3,"featured_media":0,"comment_status":"closed","ping_status":"closed","sticky":false,"template":"","format":"standard","meta":{"footnotes":""},"categories":[1],"tags":[],"class_list":["post-1252","post","type-post","status-publish","format-standard","hentry","category-allgemein"],"_links":{"self":[{"href":"https:\/\/www.landfrauen-meppen.de\/dalum\/wp-json\/wp\/v2\/posts\/1252","targetHints":{"allow":["GET"]}}],"collection":[{"href":"https:\/\/www.landfrauen-meppen.de\/dalum\/wp-json\/wp\/v2\/posts"}],"about":[{"href":"https:\/\/www.landfrauen-meppen.de\/dalum\/wp-json\/wp\/v2\/types\/post"}],"author":[{"embeddable":true,"href":"https:\/\/www.landfrauen-meppen.de\/dalum\/wp-json\/wp\/v2\/users\/3"}],"replies":[{"embeddable":true,"href":"https:\/\/www.landfrauen-meppen.de\/dalum\/wp-json\/wp\/v2\/comments?post=1252"}],"version-history":[{"count":1,"href":"https:\/\/www.landfrauen-meppen.de\/dalum\/wp-json\/wp\/v2\/posts\/1252\/revisions"}],"predecessor-version":[{"id":1253,"href":"https:\/\/www.landfrauen-meppen.de\/dalum\/wp-json\/wp\/v2\/posts\/1252\/revisions\/1253"}],"wp:attachment":[{"href":"https:\/\/www.landfrauen-meppen.de\/dalum\/wp-json\/wp\/v2\/media?parent=1252"}],"wp:term":[{"taxonomy":"category","embeddable":true,"href":"https:\/\/www.landfrauen-meppen.de\/dalum\/wp-json\/wp\/v2\/categories?post=1252"},{"taxonomy":"post_tag","embeddable":true,"href":"https:\/\/www.landfrauen-meppen.de\/dalum\/wp-json\/wp\/v2\/tags?post=1252"}],"curies":[{"name":"wp","href":"https:\/\/api.w.org\/{rel}","templated":true}]}}