{"id":1146,"date":"2019-10-02T20:24:54","date_gmt":"2019-10-02T18:24:54","guid":{"rendered":"https:\/\/www.landfrauen-meppen.de\/dalum\/?p=1146"},"modified":"2019-10-02T22:03:05","modified_gmt":"2019-10-02T20:03:05","slug":"vorstandswahlen-im-landfrauenverein-dalum","status":"publish","type":"post","link":"https:\/\/www.landfrauen-meppen.de\/dalum\/2019\/10\/02\/vorstandswahlen-im-landfrauenverein-dalum\/","title":{"rendered":"Vorstandswahlen im LandFrauenverein Dalum"},"content":{"rendered":"<div class=\"page\" data-page-number=\"1\" data-loaded=\"true\">\n<div class=\"textLayer\">Am 24.09.2019 wurde im kleinen Saal der Gastst\u00e4tte Aepken die Generalversammlung des LandFrauenverein Dalum abgehalten. Es fanden auch Neuwahlen des Vorstands statt.<\/div>\n<div class=\"textLayer\">Die Vorsitzende des Teamvorstands Adelheid Lammers er\u00f6ffnete den Abend und sagte ein paar Worte zum vergangenen Jahr. Es folgte der Kassenbericht von Frau Maria Jungedeitering.<\/div>\n<div><\/div>\n<div class=\"textLayer\">Im Anschluss fanden die Wahlen statt. Frau Annelene Ewers, Bezirksvorsitzende der Kreisverb\u00e4nde Grafschaft Bentheim und Emsland leitete die Wahl. Sie erw\u00e4hnte das das Ehrenamt uns gesund erhalte. Die Frauen die aus dem Vorstand nicht mehr zur Wahl standen waren: Adelheid Lammers, Maria Jungedeitering und Claudia Plagge.Sie wurden mit einem Pr\u00e4sent, einem Blumenstrau\u00df und einem herzlichen Dankesch\u00f6n verabschiedet.<\/div>\n<div><\/div>\n<div><img loading=\"lazy\" decoding=\"async\" class=\"aligncenter size-full wp-image-1143\" src=\"https:\/\/www.landfrauen-meppen.de\/dalum\/wp-content\/uploads\/sites\/3\/2019\/10\/IMG_7733.jpg\" alt=\"\" width=\"4272\" height=\"2848\" srcset=\"https:\/\/www.landfrauen-meppen.de\/dalum\/wp-content\/uploads\/sites\/3\/2019\/10\/IMG_7733.jpg 4272w, https:\/\/www.landfrauen-meppen.de\/dalum\/wp-content\/uploads\/sites\/3\/2019\/10\/IMG_7733-300x200.jpg 300w, https:\/\/www.landfrauen-meppen.de\/dalum\/wp-content\/uploads\/sites\/3\/2019\/10\/IMG_7733-768x512.jpg 768w, https:\/\/www.landfrauen-meppen.de\/dalum\/wp-content\/uploads\/sites\/3\/2019\/10\/IMG_7733-1024x683.jpg 1024w, https:\/\/www.landfrauen-meppen.de\/dalum\/wp-content\/uploads\/sites\/3\/2019\/10\/IMG_7733-225x150.jpg 225w\" sizes=\"auto, (max-width: 4272px) 100vw, 4272px\" \/><\/div>\n<div><\/div>\n<div class=\"textLayer\">Zur Wiederwahl stellten sich: Margret Dall, Gabi Habeck und Doris Otten. Als Kandidaten stellten sich Gisela Dall, Martina L\u00fcttel und Ulla Meiners zur Wahl.<\/div>\n<div><\/div>\n<div class=\"textLayer\">Der Neue Vorstand setzt sich nun so zusammen: Margret Dall, Gabi Habeck, Doris Otten, Gisela Dall, Martina L\u00fcttel und Ulla Meiners. Ebenfalls auf dem Bild Frau Annelene Ewers.<\/div>\n<div><\/div>\n<div><img loading=\"lazy\" decoding=\"async\" class=\"aligncenter size-full wp-image-1147\" src=\"https:\/\/www.landfrauen-meppen.de\/dalum\/wp-content\/uploads\/sites\/3\/2019\/10\/IMG_7745.jpg\" alt=\"\" width=\"4272\" height=\"2848\" srcset=\"https:\/\/www.landfrauen-meppen.de\/dalum\/wp-content\/uploads\/sites\/3\/2019\/10\/IMG_7745.jpg 4272w, https:\/\/www.landfrauen-meppen.de\/dalum\/wp-content\/uploads\/sites\/3\/2019\/10\/IMG_7745-300x200.jpg 300w, https:\/\/www.landfrauen-meppen.de\/dalum\/wp-content\/uploads\/sites\/3\/2019\/10\/IMG_7745-768x512.jpg 768w, https:\/\/www.landfrauen-meppen.de\/dalum\/wp-content\/uploads\/sites\/3\/2019\/10\/IMG_7745-1024x683.jpg 1024w, https:\/\/www.landfrauen-meppen.de\/dalum\/wp-content\/uploads\/sites\/3\/2019\/10\/IMG_7745-225x150.jpg 225w\" sizes=\"auto, (max-width: 4272px) 100vw, 4272px\" \/><\/div>\n<div><\/div>\n<div class=\"textLayer\">Frau Ewers, erz\u00e4hlte noch von Ihrer Arbeit in den Kreisverb\u00e4nden. Ebenso erz\u00e4hlte Sie von Ihrer Ehrenamtlichen T\u00e4tigkeit beim Krebsfonds Ludmillenstift Meppen. Sie backt mit vielen Freiwilligen Neujahrskuchen f\u00fcr die Notlagen in den Familien der Erkrankten. Der LandFrauenverein sammelte spontan 400,00 \u20ac als Spende ein. Frau Ewers bedankte sich herzlich und wird das Geld weiterleiten.Damit Endete der Abend.<\/div>\n<div><\/div>\n<div class=\"textLayer\">Der neue Vorstand freut sich auf die Arbeit und hofft auf eine gro\u00dfe Teilnehmerzahl bei den kommenden Versammlungen.<\/div>\n<div>(Schriftf\u00fchrung Doris Otten)<\/div>\n<\/div>\n","protected":false},"excerpt":{"rendered":"<p>Am 24.09.2019 wurde im kleinen Saal der Gastst\u00e4tte Aepken die Generalversammlung des LandFrauenverein Dalum abgehalten. Es fanden auch Neuwahlen des Vorstands statt. Die Vorsitzende des Teamvorstands Adelheid Lammers er\u00f6ffnete den <a class=\"more-link\" href=\"https:\/\/www.landfrauen-meppen.de\/dalum\/2019\/10\/02\/vorstandswahlen-im-landfrauenverein-dalum\/\">weiterlesen&#8230;(hier klicken)<\/a><\/p>\n","protected":false},"author":3,"featured_media":0,"comment_status":"closed","ping_status":"closed","sticky":false,"template":"","format":"standard","meta":{"footnotes":""},"categories":[1],"tags":[],"class_list":["post-1146","post","type-post","status-publish","format-standard","hentry","category-allgemein"],"_links":{"self":[{"href":"https:\/\/www.landfrauen-meppen.de\/dalum\/wp-json\/wp\/v2\/posts\/1146","targetHints":{"allow":["GET"]}}],"collection":[{"href":"https:\/\/www.landfrauen-meppen.de\/dalum\/wp-json\/wp\/v2\/posts"}],"about":[{"href":"https:\/\/www.landfrauen-meppen.de\/dalum\/wp-json\/wp\/v2\/types\/post"}],"author":[{"embeddable":true,"href":"https:\/\/www.landfrauen-meppen.de\/dalum\/wp-json\/wp\/v2\/users\/3"}],"replies":[{"embeddable":true,"href":"https:\/\/www.landfrauen-meppen.de\/dalum\/wp-json\/wp\/v2\/comments?post=1146"}],"version-history":[{"count":2,"href":"https:\/\/www.landfrauen-meppen.de\/dalum\/wp-json\/wp\/v2\/posts\/1146\/revisions"}],"predecessor-version":[{"id":1184,"href":"https:\/\/www.landfrauen-meppen.de\/dalum\/wp-json\/wp\/v2\/posts\/1146\/revisions\/1184"}],"wp:attachment":[{"href":"https:\/\/www.landfrauen-meppen.de\/dalum\/wp-json\/wp\/v2\/media?parent=1146"}],"wp:term":[{"taxonomy":"category","embeddable":true,"href":"https:\/\/www.landfrauen-meppen.de\/dalum\/wp-json\/wp\/v2\/categories?post=1146"},{"taxonomy":"post_tag","embeddable":true,"href":"https:\/\/www.landfrauen-meppen.de\/dalum\/wp-json\/wp\/v2\/tags?post=1146"}],"curies":[{"name":"wp","href":"https:\/\/api.w.org\/{rel}","templated":true}]}}