{"id":1142,"date":"2019-10-02T20:26:15","date_gmt":"2019-10-02T18:26:15","guid":{"rendered":"https:\/\/www.landfrauen-meppen.de\/dalum\/?p=1142"},"modified":"2019-11-20T22:37:47","modified_gmt":"2019-11-20T21:37:47","slug":"herzlichen-dank","status":"publish","type":"post","link":"https:\/\/www.landfrauen-meppen.de\/dalum\/2019\/10\/02\/herzlichen-dank\/","title":{"rendered":"Herzlichen Dank"},"content":{"rendered":"<p>An dieser Stelle m\u00f6chten wir uns ganz herzlich bei Adelheid Lammers, Maria Jungedeitering und Claudia Plagge bedanken. Ohne euch h\u00e4tte es so manch eine Veranstaltung gar nicht gegeben. Wir h\u00e4tten auf viele sch\u00f6ne Stunden verzichten m\u00fcssen. Mit euch haben wir viele neue Sachen gelernt, ausprobiert und vieles entdeckt.<\/p>\n<p>F\u00fcr Ihre langj\u00e4hrige Vorstandsarbeit, wurden Sie mit einem Pr\u00e4sent verabschiedet.<\/p>\n<p>Nochmals Herzlichen Dank !<\/p>\n<p><img loading=\"lazy\" decoding=\"async\" class=\"aligncenter size-full wp-image-1143\" src=\"https:\/\/www.landfrauen-meppen.de\/dalum\/wp-content\/uploads\/sites\/3\/2019\/10\/IMG_7733.jpg\" alt=\"\" width=\"4272\" height=\"2848\" srcset=\"https:\/\/www.landfrauen-meppen.de\/dalum\/wp-content\/uploads\/sites\/3\/2019\/10\/IMG_7733.jpg 4272w, https:\/\/www.landfrauen-meppen.de\/dalum\/wp-content\/uploads\/sites\/3\/2019\/10\/IMG_7733-300x200.jpg 300w, https:\/\/www.landfrauen-meppen.de\/dalum\/wp-content\/uploads\/sites\/3\/2019\/10\/IMG_7733-768x512.jpg 768w, https:\/\/www.landfrauen-meppen.de\/dalum\/wp-content\/uploads\/sites\/3\/2019\/10\/IMG_7733-1024x683.jpg 1024w, https:\/\/www.landfrauen-meppen.de\/dalum\/wp-content\/uploads\/sites\/3\/2019\/10\/IMG_7733-225x150.jpg 225w\" sizes=\"auto, (max-width: 4272px) 100vw, 4272px\" \/><\/p>\n<p>&nbsp;<\/p>\n<p>Wir freuen uns \u00fcber drei neue Vorstandsmitglieder, die sicherlich mit neuen Ideen und Vorschl\u00e4gen unsere Programm bereichern werden. Neu im Team sind, Gisela Dall, Martina L\u00fcttel und Ulla Meiners.<\/p>\n<p>Danke an euch und ein Herzliches Willkommen.<\/p>\n<p>Im Team geblieben sind, Gabi Habeck, Doris Otten und Margret Dall.<\/p>\n<p><img loading=\"lazy\" decoding=\"async\" class=\"aligncenter size-full wp-image-1144\" src=\"https:\/\/www.landfrauen-meppen.de\/dalum\/wp-content\/uploads\/sites\/3\/2019\/10\/IMG_7734.jpg\" alt=\"\" width=\"4272\" height=\"2848\" srcset=\"https:\/\/www.landfrauen-meppen.de\/dalum\/wp-content\/uploads\/sites\/3\/2019\/10\/IMG_7734.jpg 4272w, https:\/\/www.landfrauen-meppen.de\/dalum\/wp-content\/uploads\/sites\/3\/2019\/10\/IMG_7734-300x200.jpg 300w, https:\/\/www.landfrauen-meppen.de\/dalum\/wp-content\/uploads\/sites\/3\/2019\/10\/IMG_7734-768x512.jpg 768w, https:\/\/www.landfrauen-meppen.de\/dalum\/wp-content\/uploads\/sites\/3\/2019\/10\/IMG_7734-1024x683.jpg 1024w, https:\/\/www.landfrauen-meppen.de\/dalum\/wp-content\/uploads\/sites\/3\/2019\/10\/IMG_7734-225x150.jpg 225w\" sizes=\"auto, (max-width: 4272px) 100vw, 4272px\" \/><\/p>\n","protected":false},"excerpt":{"rendered":"<p>An dieser Stelle m\u00f6chten wir uns ganz herzlich bei Adelheid Lammers, Maria Jungedeitering und Claudia Plagge bedanken. Ohne euch h\u00e4tte es so manch eine Veranstaltung gar nicht gegeben. Wir h\u00e4tten <a class=\"more-link\" href=\"https:\/\/www.landfrauen-meppen.de\/dalum\/2019\/10\/02\/herzlichen-dank\/\">weiterlesen&#8230;(hier klicken)<\/a><\/p>\n","protected":false},"author":3,"featured_media":0,"comment_status":"closed","ping_status":"closed","sticky":false,"template":"","format":"standard","meta":{"footnotes":""},"categories":[1],"tags":[],"class_list":["post-1142","post","type-post","status-publish","format-standard","hentry","category-allgemein"],"_links":{"self":[{"href":"https:\/\/www.landfrauen-meppen.de\/dalum\/wp-json\/wp\/v2\/posts\/1142","targetHints":{"allow":["GET"]}}],"collection":[{"href":"https:\/\/www.landfrauen-meppen.de\/dalum\/wp-json\/wp\/v2\/posts"}],"about":[{"href":"https:\/\/www.landfrauen-meppen.de\/dalum\/wp-json\/wp\/v2\/types\/post"}],"author":[{"embeddable":true,"href":"https:\/\/www.landfrauen-meppen.de\/dalum\/wp-json\/wp\/v2\/users\/3"}],"replies":[{"embeddable":true,"href":"https:\/\/www.landfrauen-meppen.de\/dalum\/wp-json\/wp\/v2\/comments?post=1142"}],"version-history":[{"count":2,"href":"https:\/\/www.landfrauen-meppen.de\/dalum\/wp-json\/wp\/v2\/posts\/1142\/revisions"}],"predecessor-version":[{"id":1247,"href":"https:\/\/www.landfrauen-meppen.de\/dalum\/wp-json\/wp\/v2\/posts\/1142\/revisions\/1247"}],"wp:attachment":[{"href":"https:\/\/www.landfrauen-meppen.de\/dalum\/wp-json\/wp\/v2\/media?parent=1142"}],"wp:term":[{"taxonomy":"category","embeddable":true,"href":"https:\/\/www.landfrauen-meppen.de\/dalum\/wp-json\/wp\/v2\/categories?post=1142"},{"taxonomy":"post_tag","embeddable":true,"href":"https:\/\/www.landfrauen-meppen.de\/dalum\/wp-json\/wp\/v2\/tags?post=1142"}],"curies":[{"name":"wp","href":"https:\/\/api.w.org\/{rel}","templated":true}]}}