{"id":1122,"date":"2019-08-14T18:03:00","date_gmt":"2019-08-14T16:03:00","guid":{"rendered":"https:\/\/www.landfrauen-meppen.de\/dalum\/?p=1122"},"modified":"2019-08-14T18:07:49","modified_gmt":"2019-08-14T16:07:49","slug":"programm-2019-2020","status":"publish","type":"post","link":"https:\/\/www.landfrauen-meppen.de\/dalum\/2019\/08\/14\/programm-2019-2020\/","title":{"rendered":"Programm 2019\/ 2020"},"content":{"rendered":"<h2>Programm 2019\/ 2020<\/h2>\n<p>&nbsp;<\/p>\n<h3>Generalversammlung mit Neuwahlen<\/h3>\n<div>Dienstag, 24.09.2019\u00a0 \u00a0 \u00a0 19:30 Uhr Saal Aepken<\/div>\n<div>Wir suchen Dich &#8230; zur Vervollst\u00e4ndigung unseres Vorstandsteams. Bei Interesse spreche uns doch einfach an. Wir freuen uns auf Dich! Im Anschluss berichtet Annelene Evers \u00fcber den Krebsfonds Meppen und Ihre Arbeit. Der Krebsfonds Meppen unterst\u00fctzt Betroffene, ihre Familien und Angeh\u00f6rige.<\/div>\n<div><\/div>\n<div><\/div>\n<h3>Vortrag ,,Freundschaften sind ein Geschenk, aber sie fallen nicht vom Himmel\u201c<\/h3>\n<div>Dienstag, 22.10.2019\u00a0 \u00a0 \u00a0 19:30 Uhr Saal Zur F\u00e4hre<\/div>\n<div>Frau Erika Sonnenberg wird einen Vortrag halten. An eigenen Erfahrungen und Beispielen macht sie deutlich, wie wichtig Freundschaften sind, was zu einer guten Freundschaft geh\u00f6rt\u2013 und wie man sie aufbaut.<\/div>\n<div><\/div>\n<div><\/div>\n<h3>Fahrt zur Messe Essen,,Mode- Heim- Handwerk\u201c<\/h3>\n<div>Freitag, 15.11.2019\u00a0 \u00a0 \u00a0 9:00 Uhr-ca.19:00 Uhr<\/div>\n<div>Das Angebot der Mode Heim Handwerk Messe Essen erstreckt sich \u00fcber die Erlebniswelten \u201eMode,Beauty u. Kostbares\u201c, \u201eHeim, Freizeit u. Lifestyle\u201c, \u201eHandwerk, Technik u. Gestaltung\u201c.<\/div>\n<div><\/div>\n<div><\/div>\n<h3>Neujahrskaffee<\/h3>\n<div>Datum wird noch bekanntgeben<\/div>\n<div><\/div>\n<div>Wir laden alle Landfrauen zum Neujahrskaffee ein.<\/div>\n<div>N\u00e4heres wird noch bekannt gegeben.<\/div>\n<div>Besonders laden wir hierzu auch unsere Seniorinnen ein.<\/div>\n<div><\/div>\n<div><\/div>\n<h3>Gemeinschaftsveranstaltung<\/h3>\n<div>Freitag, 13.02.2020\u00a0 \u00a0 \u00a0 19:30 Uhr Saal Over Osterbrock<\/div>\n<div>Motiviert,\u00fcberzeugend, durchsetzungsstark\u2013und immer sch\u00f6n freundlich!<\/div>\n<div>Ist doch kein Problem, oder?<\/div>\n<div>Es referiert Frau Angela Neumann Diplomkommunikationswirtin.<\/div>\n<div><\/div>\n<div><\/div>\n<h3>Kreislandfrauentag Meppen<\/h3>\n<div>Donnerstag, 05.03.2020\u00a0 \u00a0 \u00a0 14:30 Uhr Saal Kamps Meppen<\/div>\n<div>Ged\u00e4chtnistraining-Mit wenigen Tricks nichts mehr vergessen! von Herr J\u00fcrgen Petersen.<\/div>\n<div><\/div>\n<div><\/div>\n<div>N\u00e4heres zur Veranstaltung im April, Radtour und Ausflug werden rechtzeitig bekannt gegeben.<\/div>\n<div><\/div>\n<div>Wir laden alle Mitglieder zu den Veranstaltungen ein, nicht nur den Mitgliedern,sondern auch interessierte Frauen, sind jederzeit herzlich willkommen.<\/div>\n<div><\/div>\n<div>Der Vorstand<\/div>\n","protected":false},"excerpt":{"rendered":"<p>Programm 2019\/ 2020 &nbsp; Generalversammlung mit Neuwahlen Dienstag, 24.09.2019\u00a0 \u00a0 \u00a0 19:30 Uhr Saal Aepken Wir suchen Dich &#8230; zur Vervollst\u00e4ndigung unseres Vorstandsteams. Bei Interesse spreche uns doch einfach an. <a class=\"more-link\" href=\"https:\/\/www.landfrauen-meppen.de\/dalum\/2019\/08\/14\/programm-2019-2020\/\">weiterlesen&#8230;(hier klicken)<\/a><\/p>\n","protected":false},"author":3,"featured_media":0,"comment_status":"closed","ping_status":"closed","sticky":false,"template":"","format":"standard","meta":{"footnotes":""},"categories":[1],"tags":[],"class_list":["post-1122","post","type-post","status-publish","format-standard","hentry","category-allgemein"],"_links":{"self":[{"href":"https:\/\/www.landfrauen-meppen.de\/dalum\/wp-json\/wp\/v2\/posts\/1122","targetHints":{"allow":["GET"]}}],"collection":[{"href":"https:\/\/www.landfrauen-meppen.de\/dalum\/wp-json\/wp\/v2\/posts"}],"about":[{"href":"https:\/\/www.landfrauen-meppen.de\/dalum\/wp-json\/wp\/v2\/types\/post"}],"author":[{"embeddable":true,"href":"https:\/\/www.landfrauen-meppen.de\/dalum\/wp-json\/wp\/v2\/users\/3"}],"replies":[{"embeddable":true,"href":"https:\/\/www.landfrauen-meppen.de\/dalum\/wp-json\/wp\/v2\/comments?post=1122"}],"version-history":[{"count":4,"href":"https:\/\/www.landfrauen-meppen.de\/dalum\/wp-json\/wp\/v2\/posts\/1122\/revisions"}],"predecessor-version":[{"id":1131,"href":"https:\/\/www.landfrauen-meppen.de\/dalum\/wp-json\/wp\/v2\/posts\/1122\/revisions\/1131"}],"wp:attachment":[{"href":"https:\/\/www.landfrauen-meppen.de\/dalum\/wp-json\/wp\/v2\/media?parent=1122"}],"wp:term":[{"taxonomy":"category","embeddable":true,"href":"https:\/\/www.landfrauen-meppen.de\/dalum\/wp-json\/wp\/v2\/categories?post=1122"},{"taxonomy":"post_tag","embeddable":true,"href":"https:\/\/www.landfrauen-meppen.de\/dalum\/wp-json\/wp\/v2\/tags?post=1122"}],"curies":[{"name":"wp","href":"https:\/\/api.w.org\/{rel}","templated":true}]}}