{"id":184,"date":"2019-03-12T10:32:08","date_gmt":"2019-03-12T09:32:08","guid":{"rendered":"https:\/\/www.landfrauen-meppen.de\/berssen-stavern\/?p=184"},"modified":"2019-03-18T11:48:19","modified_gmt":"2019-03-18T10:48:19","slug":"jahresplan-2019","status":"publish","type":"post","link":"https:\/\/www.landfrauen-meppen.de\/berssen-stavern\/2019\/03\/12\/jahresplan-2019\/","title":{"rendered":"Jahresplan 2019"},"content":{"rendered":"<h5>15. Januar<\/h5>\n<p>Generalversammlung, zu Gast: Milchvereinigung<\/p>\n<h5>19. Februar<\/h5>\n<p>Fahrt zur Meyer Werft<\/p>\n<h5>16. M\u00e4rz<\/h5>\n<p>Freundinnen-tag<\/p>\n<h5>23. Mai<\/h5>\n<p>QuerWaldEin mit F\u00f6rster Christoph Klus, im Anschluss wird &#8222;Wild&#8220; gegrillt.<\/p>\n<h5>27. Juni<\/h5>\n<p>Fahrradtour zur Salzgrotte, Hasel\u00fcnne<\/p>\n<h5>26. September<\/h5>\n<p>Erntedankfest, Wortgottesdienst und anschlie\u00dfend Treff im B\u00fcrgerhaus<\/p>\n<h5>22. Oktober<\/h5>\n<p>EmsVechte-Tour<\/p>\n<h5>22. November<\/h5>\n<p>Einstimmung auf den Advent<\/p>\n<h5>Kurse w\u00e4hrend des Jahres:<\/h5>\n<p>&#8211; N\u00e4hkurse mit Belinda M\u00fcller<\/p>\n<p>&#8211; Sportkurse mit Ulrike Nieters-B\u00fcscher<\/p>\n<p>Ferienpassaktion f\u00fcr die Kinder<\/p>\n","protected":false},"excerpt":{"rendered":"<p>15. Januar Generalversammlung, zu Gast: Milchvereinigung 19. Februar Fahrt zur Meyer Werft 16. M\u00e4rz Freundinnen-tag 23. Mai QuerWaldEin mit F\u00f6rster Christoph Klus, im Anschluss wird &#8222;Wild&#8220; gegrillt. 27. Juni Fahrradtour zur Salzgrotte, Hasel\u00fcnne 26. September Erntedankfest, Wortgottesdienst und anschlie\u00dfend Treff im B\u00fcrgerhaus 22. Oktober EmsVechte-Tour 22. November Einstimmung auf den Advent Kurse w\u00e4hrend des Jahres: &hellip; <\/p>\n<p class=\"link-more\"><a href=\"https:\/\/www.landfrauen-meppen.de\/berssen-stavern\/2019\/03\/12\/jahresplan-2019\/\" class=\"more-link\"><span class=\"screen-reader-text\">\u201eJahresplan 2019\u201c <\/span>weiterlesen<\/a><\/p>\n","protected":false},"author":2,"featured_media":0,"comment_status":"open","ping_status":"open","sticky":false,"template":"","format":"standard","meta":{"footnotes":""},"categories":[1,9],"tags":[27,17,19,25],"class_list":["post-184","post","type-post","status-publish","format-standard","hentry","category-allgemein","category-jahresplan","tag-27","tag-jahresplan","tag-programm","tag-veranstaltung"],"_links":{"self":[{"href":"https:\/\/www.landfrauen-meppen.de\/berssen-stavern\/wp-json\/wp\/v2\/posts\/184","targetHints":{"allow":["GET"]}}],"collection":[{"href":"https:\/\/www.landfrauen-meppen.de\/berssen-stavern\/wp-json\/wp\/v2\/posts"}],"about":[{"href":"https:\/\/www.landfrauen-meppen.de\/berssen-stavern\/wp-json\/wp\/v2\/types\/post"}],"author":[{"embeddable":true,"href":"https:\/\/www.landfrauen-meppen.de\/berssen-stavern\/wp-json\/wp\/v2\/users\/2"}],"replies":[{"embeddable":true,"href":"https:\/\/www.landfrauen-meppen.de\/berssen-stavern\/wp-json\/wp\/v2\/comments?post=184"}],"version-history":[{"count":3,"href":"https:\/\/www.landfrauen-meppen.de\/berssen-stavern\/wp-json\/wp\/v2\/posts\/184\/revisions"}],"predecessor-version":[{"id":190,"href":"https:\/\/www.landfrauen-meppen.de\/berssen-stavern\/wp-json\/wp\/v2\/posts\/184\/revisions\/190"}],"wp:attachment":[{"href":"https:\/\/www.landfrauen-meppen.de\/berssen-stavern\/wp-json\/wp\/v2\/media?parent=184"}],"wp:term":[{"taxonomy":"category","embeddable":true,"href":"https:\/\/www.landfrauen-meppen.de\/berssen-stavern\/wp-json\/wp\/v2\/categories?post=184"},{"taxonomy":"post_tag","embeddable":true,"href":"https:\/\/www.landfrauen-meppen.de\/berssen-stavern\/wp-json\/wp\/v2\/tags?post=184"}],"curies":[{"name":"wp","href":"https:\/\/api.w.org\/{rel}","templated":true}]}}